{"id":926,"date":"2021-07-07T10:44:43","date_gmt":"2021-07-07T08:44:43","guid":{"rendered":"https:\/\/www.etadam-pessac.fr\/?p=926"},"modified":"2025-05-15T07:14:07","modified_gmt":"2025-05-15T05:14:07","slug":"ouverture-des-inscriptions-2021-2022","status":"publish","type":"post","link":"https:\/\/www.etadam-pessac.fr\/?p=926","title":{"rendered":"Ouverture des inscriptions 2021\/2022"},"content":{"rendered":"\n<p>Bonjour \u00e0 tous, <\/p>\n\n\n\n<p>Les r\u00e9inscriptions prioritaires sont maintenant termin\u00e9es, les inscriptions sont dor\u00e9navant ouvertes \u00e0 tous. <\/p>\n\n\n\n<p>Voici un \u00e9tat des lieux des ateliers : <\/p>\n\n\n[table \u201c3\u201d not found \/]<br \/>\n\n\n\n\n<div class=\"wp-block-image\"><figure class=\"alignright is-resized\"><img loading=\"lazy\" decoding=\"async\" src=\"https:\/\/www.etadam-pessac.fr\/wp-content\/uploads\/2021\/08\/passculture.png\" alt=\"\" class=\"wp-image-959\" width=\"147\" height=\"225\"\/><\/figure><\/div>\n\n\n\n<p>Et voici les fiches d&rsquo;inscriptions avec les modalit\u00e9s, les ch\u00e8ques ne seront encaiss\u00e9s qu&rsquo;apr\u00e8s les cours d&rsquo;essai. Sans la fiche d&rsquo;inscription remplie et dossier complet, votre place n&rsquo;est pas garantie.  <\/p>\n\n\n\n<p>Pour rappel, les pass&rsquo;jeune pass&rsquo;enfant et pass&rsquo;senior de la ville sont accept\u00e9s.  <\/p>\n\n\n\n<div class=\"wp-block-file\"><a href=\"https:\/\/www.etadam-pessac.fr\/wp-content\/uploads\/2021\/07\/Inscription_Etadam_Enfant_2021-2022.pdf\">Inscription_Etadam_Enfant_2021-2022<\/a><a href=\"https:\/\/www.etadam-pessac.fr\/wp-content\/uploads\/2021\/07\/Inscription_Etadam_Enfant_2021-2022.pdf\" class=\"wp-block-file__button\" download>Download<\/a><\/div>\n\n\n\n<div class=\"wp-block-file\"><a href=\"https:\/\/www.etadam-pessac.fr\/wp-content\/uploads\/2021\/07\/Inscription_Etadam_Adulte_2021-2022.pdf\">Inscription_Etadam_Adulte_2021-2022<\/a><a href=\"https:\/\/www.etadam-pessac.fr\/wp-content\/uploads\/2021\/07\/Inscription_Etadam_Adulte_2021-2022.pdf\" class=\"wp-block-file__button\" download>Download<\/a><\/div>\n\n\n\n<p>    <\/p>\n\n\n\n<p><\/p>\n\n\n\n<p>Retour en images sur l&rsquo;ann\u00e9e pr\u00e9c\u00e9dente avec le festival au Royal et m\u00eame avant \ud83d\ude09<\/p>\n\n\n\n<ul class=\"wp-block-gallery columns-3 wp-block-gallery-1 is-layout-flex wp-block-gallery-is-layout-flex\"><li class=\"blocks-gallery-item\"><figure><img decoding=\"async\" src=\"https:\/\/www.etadam-pessac.fr\/wp-content\/uploads\/2021\/07\/131581438_5682388625136453_2807869735217189274_n-1024x1024.jpg\" alt=\"\" data-id=\"935\" class=\"wp-image-935\"\/><\/figure><\/li><li class=\"blocks-gallery-item\"><figure><img decoding=\"async\" src=\"https:\/\/www.etadam-pessac.fr\/wp-content\/uploads\/2021\/07\/198976914_5682388628469786_995873071077767756_n-1024x1024.jpg\" alt=\"\" data-id=\"936\" data-link=\"https:\/\/www.etadam-pessac.fr\/?attachment_id=936\" class=\"wp-image-936\"\/><\/figure><\/li><li class=\"blocks-gallery-item\"><figure><img decoding=\"async\" src=\"https:\/\/www.etadam-pessac.fr\/wp-content\/uploads\/2021\/07\/200947835_5675188525856463_1755623723331314325_n-1024x1024.jpg\" alt=\"\" data-id=\"937\" data-link=\"https:\/\/www.etadam-pessac.fr\/?attachment_id=937\" class=\"wp-image-937\"\/><\/figure><\/li><li class=\"blocks-gallery-item\"><figure><img decoding=\"async\" src=\"https:\/\/www.etadam-pessac.fr\/wp-content\/uploads\/2021\/07\/200541647_5686503701391612_1381885963057506609_n-1024x957.jpg\" alt=\"\" data-id=\"938\" data-link=\"https:\/\/www.etadam-pessac.fr\/?attachment_id=938\" class=\"wp-image-938\"\/><\/figure><\/li><li class=\"blocks-gallery-item\"><figure><img decoding=\"async\" src=\"https:\/\/www.etadam-pessac.fr\/wp-content\/uploads\/2021\/07\/depliant_pagedegarde.png\" alt=\"\" data-id=\"939\" data-link=\"https:\/\/www.etadam-pessac.fr\/?attachment_id=939\" class=\"wp-image-939\"\/><\/figure><\/li><li class=\"blocks-gallery-item\"><figure><img decoding=\"async\" src=\"https:\/\/www.etadam-pessac.fr\/wp-content\/uploads\/2021\/07\/55539237_2572832229425457_4084713090489253888_n.jpg\" alt=\"\" data-id=\"940\" data-link=\"https:\/\/www.etadam-pessac.fr\/?attachment_id=940\" class=\"wp-image-940\"\/><\/figure><\/li><li class=\"blocks-gallery-item\"><figure><img decoding=\"async\" src=\"https:\/\/www.etadam-pessac.fr\/wp-content\/uploads\/2021\/07\/64369447_2770992109609467_3452281398126182400_n.jpg\" alt=\"\" data-id=\"941\" data-link=\"https:\/\/www.etadam-pessac.fr\/?attachment_id=941\" class=\"wp-image-941\"\/><\/figure><\/li><li class=\"blocks-gallery-item\"><figure><img decoding=\"async\" src=\"https:\/\/www.etadam-pessac.fr\/wp-content\/uploads\/2021\/07\/64497612_2770992482942763_2108476634758643712_n.jpg\" alt=\"\" data-id=\"942\" data-link=\"https:\/\/www.etadam-pessac.fr\/?attachment_id=942\" class=\"wp-image-942\"\/><\/figure><\/li><li class=\"blocks-gallery-item\"><figure><img decoding=\"async\" src=\"https:\/\/www.etadam-pessac.fr\/wp-content\/uploads\/2021\/07\/199599443_5671426859565963_6203830162384879108_n-1024x636.jpg\" alt=\"\" data-id=\"943\" data-link=\"https:\/\/www.etadam-pessac.fr\/?attachment_id=943\" class=\"wp-image-943\"\/><\/figure><\/li><li class=\"blocks-gallery-item\"><figure><img decoding=\"async\" src=\"https:\/\/www.etadam-pessac.fr\/wp-content\/uploads\/2021\/07\/118819639_4323547204353942_8762624929921764655_n.jpg\" alt=\"\" data-id=\"944\" data-link=\"https:\/\/www.etadam-pessac.fr\/?attachment_id=944\" class=\"wp-image-944\"\/><\/figure><\/li><li class=\"blocks-gallery-item\"><figure><img decoding=\"async\" src=\"https:\/\/www.etadam-pessac.fr\/wp-content\/uploads\/2021\/07\/202463172_5698101793565136_3593507434790326690_n-1024x831.jpg\" alt=\"\" data-id=\"945\" data-link=\"https:\/\/www.etadam-pessac.fr\/?attachment_id=945\" class=\"wp-image-945\"\/><\/figure><\/li><\/ul>\n","protected":false},"excerpt":{"rendered":"<p>Bonjour \u00e0 tous, Les r\u00e9inscriptions prioritaires sont maintenant termin\u00e9es, les inscriptions sont dor\u00e9navant ouvertes \u00e0 tous. Voici un \u00e9tat des lieux des ateliers : Et voici les fiches d&rsquo;inscriptions avec les modalit\u00e9s, les ch\u00e8ques ne seront encaiss\u00e9s qu&rsquo;apr\u00e8s les cours&hellip;&nbsp;<a href=\"https:\/\/www.etadam-pessac.fr\/?p=926\" class=\"more-link\">Lire la suite<\/a><\/p>\n","protected":false},"author":2,"featured_media":0,"comment_status":"closed","ping_status":"closed","sticky":false,"template":"","format":"standard","meta":{"ngg_post_thumbnail":0,"footnotes":""},"categories":[5],"tags":[],"class_list":["post-926","post","type-post","status-publish","format-standard","hentry","category-uncategorized"],"_links":{"self":[{"href":"https:\/\/www.etadam-pessac.fr\/index.php?rest_route=\/wp\/v2\/posts\/926","targetHints":{"allow":["GET"]}}],"collection":[{"href":"https:\/\/www.etadam-pessac.fr\/index.php?rest_route=\/wp\/v2\/posts"}],"about":[{"href":"https:\/\/www.etadam-pessac.fr\/index.php?rest_route=\/wp\/v2\/types\/post"}],"author":[{"embeddable":true,"href":"https:\/\/www.etadam-pessac.fr\/index.php?rest_route=\/wp\/v2\/users\/2"}],"replies":[{"embeddable":true,"href":"https:\/\/www.etadam-pessac.fr\/index.php?rest_route=%2Fwp%2Fv2%2Fcomments&post=926"}],"version-history":[{"count":1,"href":"https:\/\/www.etadam-pessac.fr\/index.php?rest_route=\/wp\/v2\/posts\/926\/revisions"}],"predecessor-version":[{"id":1365,"href":"https:\/\/www.etadam-pessac.fr\/index.php?rest_route=\/wp\/v2\/posts\/926\/revisions\/1365"}],"wp:attachment":[{"href":"https:\/\/www.etadam-pessac.fr\/index.php?rest_route=%2Fwp%2Fv2%2Fmedia&parent=926"}],"wp:term":[{"taxonomy":"category","embeddable":true,"href":"https:\/\/www.etadam-pessac.fr\/index.php?rest_route=%2Fwp%2Fv2%2Fcategories&post=926"},{"taxonomy":"post_tag","embeddable":true,"href":"https:\/\/www.etadam-pessac.fr\/index.php?rest_route=%2Fwp%2Fv2%2Ftags&post=926"}],"curies":[{"name":"wp","href":"https:\/\/api.w.org\/{rel}","templated":true}]}}