{"id":861,"date":"2021-05-19T08:20:06","date_gmt":"2021-05-19T06:20:06","guid":{"rendered":"https:\/\/www.etadam-pessac.fr\/?p=861"},"modified":"2025-05-15T07:14:07","modified_gmt":"2025-05-15T05:14:07","slug":"festival-2021","status":"publish","type":"post","link":"https:\/\/www.etadam-pessac.fr\/?p=861","title":{"rendered":"FESTIVAL 2021"},"content":{"rendered":"\n<h2 class=\"wp-block-heading\">Le festival 2021 aura bien lieu au Royal, samedi 19 et dimanche 20 juin!<\/h2>\n\n\n\n<p>Voici le programme officiel. Plus bas vous trouverez les liens de r\u00e9servation. Merci de privil\u00e9gier cette r\u00e9servation par internet, cela nous permet de g\u00e9rer plus facilement les contraintes sanitaires.<\/p>\n\n\n\n<p>Toutefois, une caisse sera ouverte \u00e0 l&rsquo;entr\u00e9e pour chaque spectacle.<\/p>\n\n\n\n<div class=\"wp-block-image\"><figure class=\"aligncenter\"><a href=\"https:\/\/www.etadam-pessac.fr\/wp-content\/uploads\/2021\/05\/Programme-1.png\" target=\"_blank\" rel=\"noreferrer noopener\"><img decoding=\"async\" src=\"https:\/\/www.etadam-pessac.fr\/wp-content\/uploads\/2021\/05\/Programme-1-150x150.png\" alt=\"\" class=\"wp-image-893\"\/><\/a><\/figure><\/div>\n\n\n\n<ul class=\"wp-block-list\"><li>R\u00e9servations ouvertes dor\u00e9navant jusqu&rsquo;au jeudi 17 juin:<br><em> (cliquez sur la ligne, pour acc\u00e9der au spectacle de votre choix) <\/em>  :<ul><li><a rel=\"noreferrer noopener\" aria-label=\" (opens in a new tab)\" href=\"https:\/\/www.helloasso.com\/associations\/etadam-equipe-de-theatre-amateur-des-alentours-de-magonty\/evenements\/spectacle-adultes-de-bois-et-d-acier\" target=\"_blank\">Samedi 15h00 16h30 : Les adultes du vendredi<\/a><\/li><\/ul><ul><li><a rel=\"noreferrer noopener\" aria-label=\" (opens in a new tab)\" href=\"https:\/\/www.helloasso.com\/associations\/etadam-equipe-de-theatre-amateur-des-alentours-de-magonty\/evenements\/spectacle-enfants-moustique\" target=\"_blank\">Samedi 17h00 18h30 : Les enfants<\/a><\/li><li><a rel=\"noreferrer noopener\" aria-label=\" (opens in a new tab)\" href=\"https:\/\/www.helloasso.com\/associations\/etadam-equipe-de-theatre-amateur-des-alentours-de-magonty\/evenements\/spectacle-adultes-cinema-ou-theatre-samedi\" target=\"_blank\">Samedi 20h30 22h00 : Les adultes du jeudi<\/a><\/li><li><a rel=\"noreferrer noopener\" aria-label=\" (opens in a new tab)\" href=\"https:\/\/www.helloasso.com\/associations\/etadam-equipe-de-theatre-amateur-des-alentours-de-magonty\/evenements\/spectacle-ados-lafontaine-cafe-2\" target=\"_blank\">Dimanche 11h00 12h30 : Les ados Coll\u00e8ge<\/a><\/li><\/ul><ul><li><a rel=\"noreferrer noopener\" aria-label=\" (opens in a new tab)\" href=\"https:\/\/www.helloasso.com\/associations\/etadam-equipe-de-theatre-amateur-des-alentours-de-magonty\/evenements\/spectacle-ados-j-appelle-mes-freres\" target=\"_blank\">Dimanche 14h00 15h30 : Les ados Lyc\u00e9ens<\/a><\/li><\/ul><ul><li><a rel=\"noreferrer noopener\" aria-label=\" (opens in a new tab)\" href=\"https:\/\/www.helloasso.com\/associations\/etadam-equipe-de-theatre-amateur-des-alentours-de-magonty\/evenements\/spectacle-adultes-cinema-ou-theatre-dimanche\" target=\"_blank\">Dimanche 16h00 17h30 : Les adultes du jeudi<\/a><\/li><\/ul><ul><li><a rel=\"noreferrer noopener\" aria-label=\" (opens in a new tab)\" href=\"https:\/\/www.helloasso.com\/associations\/etadam-equipe-de-theatre-amateur-des-alentours-de-magonty\/evenements\/spectacle-adultes-de-bois-et-d-acier-dimanche\" target=\"_blank\"> Dimanche 18h30 20h00 : Les adultes du vendredi <\/a><br> <\/li><\/ul><\/li><\/ul>\n\n\n\n<p style=\"color:#000000\" class=\"has-text-color\">Le paiement d&rsquo;un spectacle inclut l&rsquo;acc\u00e8s aux autres spectacles de la journ\u00e9e sous r\u00e9serve des places disponibles.<\/p>\n\n\n\n<p>Le paiement de l&rsquo;option 2 jours inclut l&rsquo;acc\u00e8s \u00e0 l&rsquo;autre journ\u00e9e, sous r\u00e9serve des places disponibles.<\/p>\n\n\n\n<p>Le nombre de spectateurs est limit\u00e9 \u00e0 110, et un espacement d&rsquo;un fauteuil entre les groupes est obligatoire. Un groupe ne pourra compter plus de 6 personnes.<\/p>\n\n\n\n<p>Les tarifs 1 jour \/ 2 jours:<\/p>\n\n\n\n<ul class=\"wp-block-list\"><li>12ans et + : 5\u20ac\/7\u20ac<\/li><li>6-12 ans : 3\u20ac\/5\u20ac<\/li><li>&#8211; 6ans : gratuit, mais \u00e0 r\u00e9server malgr\u00e9 tout.<\/li><\/ul>\n\n\n\n<div class=\"wp-block-image\"><figure class=\"alignleft\"><img decoding=\"async\" src=\"https:\/\/www.etadam-pessac.fr\/wp-content\/uploads\/2021\/05\/arri\u00e8re-1.png\" alt=\"\" class=\"wp-image-895\"\/><\/figure><\/div>\n\n\n\n<p>R\u00e9servations possibles jusqu&rsquo;au 14 juin. <\/p>\n","protected":false},"excerpt":{"rendered":"<p>Le festival 2021 aura bien lieu au Royal, samedi 19 et dimanche 20 juin! Voici le programme officiel. Plus bas vous trouverez les liens de r\u00e9servation. Merci de privil\u00e9gier cette r\u00e9servation par internet, cela nous permet de g\u00e9rer plus facilement&hellip;&nbsp;<a href=\"https:\/\/www.etadam-pessac.fr\/?p=861\" class=\"more-link\">Lire la suite<\/a><\/p>\n","protected":false},"author":1,"featured_media":901,"comment_status":"closed","ping_status":"closed","sticky":false,"template":"","format":"standard","meta":{"ngg_post_thumbnail":0,"footnotes":""},"categories":[5],"tags":[],"class_list":["post-861","post","type-post","status-publish","format-standard","has-post-thumbnail","hentry","category-uncategorized"],"_links":{"self":[{"href":"https:\/\/www.etadam-pessac.fr\/index.php?rest_route=\/wp\/v2\/posts\/861","targetHints":{"allow":["GET"]}}],"collection":[{"href":"https:\/\/www.etadam-pessac.fr\/index.php?rest_route=\/wp\/v2\/posts"}],"about":[{"href":"https:\/\/www.etadam-pessac.fr\/index.php?rest_route=\/wp\/v2\/types\/post"}],"author":[{"embeddable":true,"href":"https:\/\/www.etadam-pessac.fr\/index.php?rest_route=\/wp\/v2\/users\/1"}],"replies":[{"embeddable":true,"href":"https:\/\/www.etadam-pessac.fr\/index.php?rest_route=%2Fwp%2Fv2%2Fcomments&post=861"}],"version-history":[{"count":1,"href":"https:\/\/www.etadam-pessac.fr\/index.php?rest_route=\/wp\/v2\/posts\/861\/revisions"}],"predecessor-version":[{"id":1366,"href":"https:\/\/www.etadam-pessac.fr\/index.php?rest_route=\/wp\/v2\/posts\/861\/revisions\/1366"}],"wp:featuredmedia":[{"embeddable":true,"href":"https:\/\/www.etadam-pessac.fr\/index.php?rest_route=\/"}],"wp:attachment":[{"href":"https:\/\/www.etadam-pessac.fr\/index.php?rest_route=%2Fwp%2Fv2%2Fmedia&parent=861"}],"wp:term":[{"taxonomy":"category","embeddable":true,"href":"https:\/\/www.etadam-pessac.fr\/index.php?rest_route=%2Fwp%2Fv2%2Fcategories&post=861"},{"taxonomy":"post_tag","embeddable":true,"href":"https:\/\/www.etadam-pessac.fr\/index.php?rest_route=%2Fwp%2Fv2%2Ftags&post=861"}],"curies":[{"name":"wp","href":"https:\/\/api.w.org\/{rel}","templated":true}]}}